{"id":27961,"date":"2026-01-02T15:46:23","date_gmt":"2026-01-02T18:46:23","guid":{"rendered":"https:\/\/ruybarbosa.rn.gov.br\/transparente\/index\/?p=27961"},"modified":"2026-03-03T15:47:13","modified_gmt":"2026-03-03T18:47:13","slug":"portaria-n-o-01-2026-gp-designar-o-servidor-felipe-renan-fernandes-para-desempenho-da-funcao-de-agente-de-contratacao-e-os-servidores-manoel-jefferson-de-lima-e-i","status":"publish","type":"post","link":"https:\/\/ruybarbosa.rn.gov.br\/transparente\/index\/portaria-n-o-01-2026-gp-designar-o-servidor-felipe-renan-fernandes-para-desempenho-da-funcao-de-agente-de-contratacao-e-os-servidores-manoel-jefferson-de-lima-e-i\/","title":{"rendered":"PORTARIA N.\u00ba 01\/2026 \u2013 GP &#8211; Designar o servidor\u00a0FELIPE RENAN FERNANDES\u00a0para desempenho da fun\u00e7\u00e3o de Agente de Contrata\u00e7\u00e3o, e os servidores\u00a0MANOEL JEFFERSON DE LIMA\u00a0e\u00a0IVANILDO HIP\u00d3LITO\u00a0para exercerem a fun\u00e7\u00e3o de Equipe de Apoio."},"content":{"rendered":"<div id=\"separador\" class=\"cabecalhoEstadoSeparador cabecalhoEstadoSeparador1\">\n<p style=\"text-align: center;\"><strong>ESTADO DO RIO GRANDE DO NORTE<\/strong><br \/>\n<strong>PREFEITURA MUNICIPAL DE RUY BARBOSA<\/strong><\/p>\n<\/div>\n<p class=\"cabecaorgao\" style=\"text-align: center;\"><strong>GABINETE DO PREFEITO<\/strong><\/p>\n<hr \/>\n<div id=\"materia\" class=\"materia materia20091123 materia1\">\n<p><strong>PORTARIA N.\u00ba 01\/2026 \u2013 GP<\/strong><\/p>\n<div class=\"mat\">O PREFEITO MUNICIPAL DE RUY BARBOSA\/RN, no uso de suas atribui\u00e7\u00f5es que lhe s\u00e3o conferidas pela Lei Org\u00e2nica Municipal;<\/div>\n<p>&nbsp;<\/p>\n<p>CONSIDERANDO o que preconiza o Art. 6\u00ba, incisos L e LX da Lei 14.133\/2021;<\/p>\n<p>CONSIDERANDO os Arts. 7\u00b0 e 8\u00b0, \u00a7\u00a7 1\u00b0, 2\u00b0 e 3\u00b0 do mesmo normativo, e;<\/p>\n<p>CONSIDERANDO as disposi\u00e7\u00f5es constantes no Art. 9\u00ba, \u00a7\u00a7 1\u00b0 e 2\u00b0 da Lei de Licita\u00e7\u00f5es e Contratos Administrativos:<\/p>\n<p>&nbsp;<\/p>\n<p>RESOLVE:<\/p>\n<p>&nbsp;<\/p>\n<p>Art. 1\u00ba &#8211; Designar o servidor\u00a0<b>FELIPE RENAN FERNANDES<\/b>\u00a0para desempenho da fun\u00e7\u00e3o de Agente de Contrata\u00e7\u00e3o, e os servidores\u00a0<b>MANOEL JEFFERSON DE LIMA<\/b>\u00a0e<b>\u00a0IVANILDO HIP\u00d3LITO\u00a0<\/b>para exercerem a fun\u00e7\u00e3o de Equipe de Apoio.<\/p>\n<p>Art. 2\u00ba &#8211; Em licita\u00e7\u00e3o na modalidade Preg\u00e3o, o agente respons\u00e1vel pela condu\u00e7\u00e3o do certame ser\u00e1 o servidor\u00a0<b>FELIPE RENAN FERNANDES<\/b>, designado como Pregoeiro, auxiliado pela Equipe de Apoio nomeada no Art. 1\u00ba.<\/p>\n<p>Art. 3\u00b0 &#8211; Em licita\u00e7\u00e3o que envolva bens ou servi\u00e7os especiais, o Agente de Contrata\u00e7\u00e3o poder\u00e1 ser substitu\u00eddo por Comiss\u00e3o de Contrata\u00e7\u00e3o formada pelos membros nomeados no Art. 1\u00b0, que responder\u00e3o solidariamente por todos os atos praticados pela Comiss\u00e3o, ressalvado o membro que expressar posi\u00e7\u00e3o individual divergente fundamentada e registrada em ata lavrada na reuni\u00e3o em que houver sido tomada a decis\u00e3o.<\/p>\n<p>Par\u00e1grafo \u00danico: A presid\u00eancia da Comiss\u00e3o de Contrata\u00e7\u00e3o incumbir\u00e1 o servidor\u00a0<b>FELIPE RENAN FERNANDES.<\/b><\/p>\n<p>Art. 4\u00b0 &#8211; O Agente de Contrata\u00e7\u00e3o e Equipe de Apoio ou a Comiss\u00e3o de Contrata\u00e7\u00e3o possuem a prerrogativa de solicitar Assessoramento Jur\u00eddico e de Controle Interno para o desempenho das fun\u00e7\u00f5es essenciais \u00e0 execu\u00e7\u00e3o do disposto na Lei n\u00ba 14.133\/2021.<\/p>\n<p>Art. 5\u00ba &#8211; Esta Portaria entra em vigor na data de sua publica\u00e7\u00e3o.<\/p>\n<p>Art. 6\u00ba &#8211; Revogam-se as disposi\u00e7\u00f5es em contr\u00e1rio.<\/p>\n<p>&nbsp;<\/p>\n<p>Publique-se, Registre-se e Cumpra-se.<\/p>\n<p>&nbsp;<\/p>\n<p>Gabinete do Prefeito Municipal de Ruy Barbosa\/RN, em 02 de janeiro de 2026.<\/p>\n<p>&nbsp;<\/p>\n<p>&nbsp;<\/p>\n<p><b><i>RANIERE MOURA BARBOSA<\/i><\/b><\/p>\n<p><b><i><\/i><\/b>&nbsp;<\/p>\n<p>Prefeito Municipal<\/p>\n<p>&nbsp;<\/p>\n<div align=\"right\">\n<b>Publicado por:<\/b><br \/>\nDaliane de Moura Pires<br \/>\n<b>C\u00f3digo Identificador:<\/b>F3FB0DDF<\/div>\n<p>&nbsp;<\/p>\n<hr \/>\n<p>Mat\u00e9ria publicada no Di\u00e1rio Oficial dos Munic\u00edpios do Estado do Rio Grande do Norte no dia 05\/01\/2026. Edi\u00e7\u00e3o 3701<br \/>\nA verifica\u00e7\u00e3o de autenticidade da mat\u00e9ria pode ser feita informando o c\u00f3digo identificador no site:<br \/>\nhttps:\/\/www.diariomunicipal.com.br\/femurn\/<\/p><\/div>\n","protected":false},"excerpt":{"rendered":"<p>ESTADO DO RIO GRANDE DO NORTE PREFEITURA MUNICIPAL DE RUY BARBOSA GABINETE DO PREFEITO PORTARIA N.\u00ba 01\/2026 \u2013 GP O PREFEITO MUNICIPAL DE RUY BARBOSA\/RN, no uso de suas atribui\u00e7\u00f5es que lhe s\u00e3o conferidas pela Lei Org\u00e2nica Municipal; &nbsp; CONSIDERANDO o que preconiza o Art. 6\u00ba, incisos L e LX da Lei 14.133\/2021; CONSIDERANDO os [&hellip;]<\/p>\n","protected":false},"author":1,"featured_media":0,"comment_status":"closed","ping_status":"closed","sticky":false,"template":"","format":"standard","meta":{"_et_pb_use_builder":"","_et_pb_old_content":"","_et_gb_content_width":"","footnotes":""},"categories":[37,84,288],"tags":[],"class_list":["post-27961","post","type-post","status-publish","format-standard","hentry","category-legislacao","category-portaria","category-portarias-2026"],"_links":{"self":[{"href":"https:\/\/ruybarbosa.rn.gov.br\/transparente\/index\/wp-json\/wp\/v2\/posts\/27961","targetHints":{"allow":["GET"]}}],"collection":[{"href":"https:\/\/ruybarbosa.rn.gov.br\/transparente\/index\/wp-json\/wp\/v2\/posts"}],"about":[{"href":"https:\/\/ruybarbosa.rn.gov.br\/transparente\/index\/wp-json\/wp\/v2\/types\/post"}],"author":[{"embeddable":true,"href":"https:\/\/ruybarbosa.rn.gov.br\/transparente\/index\/wp-json\/wp\/v2\/users\/1"}],"replies":[{"embeddable":true,"href":"https:\/\/ruybarbosa.rn.gov.br\/transparente\/index\/wp-json\/wp\/v2\/comments?post=27961"}],"version-history":[{"count":1,"href":"https:\/\/ruybarbosa.rn.gov.br\/transparente\/index\/wp-json\/wp\/v2\/posts\/27961\/revisions"}],"predecessor-version":[{"id":27962,"href":"https:\/\/ruybarbosa.rn.gov.br\/transparente\/index\/wp-json\/wp\/v2\/posts\/27961\/revisions\/27962"}],"wp:attachment":[{"href":"https:\/\/ruybarbosa.rn.gov.br\/transparente\/index\/wp-json\/wp\/v2\/media?parent=27961"}],"wp:term":[{"taxonomy":"category","embeddable":true,"href":"https:\/\/ruybarbosa.rn.gov.br\/transparente\/index\/wp-json\/wp\/v2\/categories?post=27961"},{"taxonomy":"post_tag","embeddable":true,"href":"https:\/\/ruybarbosa.rn.gov.br\/transparente\/index\/wp-json\/wp\/v2\/tags?post=27961"}],"curies":[{"name":"wp","href":"https:\/\/api.w.org\/{rel}","templated":true}]}}