{"id":27963,"date":"2026-01-02T15:47:27","date_gmt":"2026-01-02T18:47:27","guid":{"rendered":"https:\/\/ruybarbosa.rn.gov.br\/transparente\/index\/?p=27963"},"modified":"2026-03-03T15:53:53","modified_gmt":"2026-03-03T18:53:53","slug":"extrato-de-contrato-no-20260001","status":"publish","type":"post","link":"https:\/\/ruybarbosa.rn.gov.br\/transparente\/index\/extrato-de-contrato-no-20260001\/","title":{"rendered":"EXTRATO DE CONTRATO N\u00ba 20260001"},"content":{"rendered":"<div id=\"separador\" class=\"cabecalhoEstadoSeparador cabecalhoEstadoSeparador1\">\n<p style=\"text-align: center;\"><strong>ESTADO DO RIO GRANDE DO NORTE<\/strong><br \/>\n<strong>PREFEITURA MUNICIPAL DE RUY BARBOSA<\/strong><\/p>\n<\/div>\n<p class=\"cabecaorgao\" style=\"text-align: center;\"><strong>GABINETE DO PREFEITO<\/strong><\/p>\n<hr \/>\n<div id=\"materia\" class=\"materia materia20091123 materia1\">\n<p><strong>EXTRATO DE CONTRATO N\u00ba 20260001<\/strong><\/p>\n<div class=\"mat\"><b>ORIGEM:<\/b>\u00a0PREG\u00c3O ELETR\u00d4NICO N\u00ba 02\/2024 \/ ATA DE REGISTRO DE PRE\u00c7OS N\u00ba 20240071<\/div>\n<p>&nbsp;<\/p>\n<p><b>CONTRATANTE:<\/b>\u00a0PREFEITURA MUNICIPAL DE RUY BARBOSA\/RN<\/p>\n<p>&nbsp;<\/p>\n<p><b>CONTRATADO(A):<\/b>\u00a0MAFRA E MAFRA COMERCIO VAREJISTA DE COMBUSTIVEL LTDA, CNPJ n\u00ba 09.317.359\/0002-42.<\/p>\n<p>&nbsp;<\/p>\n<p><b>OBJETO:<\/b>\u00a0Aquisi\u00e7\u00e3o parcelada de combust\u00edveis para a frota de ve\u00edculos do munic\u00edpio de Ruy Barbosa\/RN.<\/p>\n<p>&nbsp;<\/p>\n<p><b>VALOR\u00a0<\/b><b>TOTAL<\/b><b>:<\/b>\u00a0R$ 1.822.716,30 (um milh\u00e3o, oitocentos e vinte e dois mil, setecentos e dezesseis reais e trinta centavos).<\/p>\n<p>&nbsp;<\/p>\n<p><b>FUNDAMENTO LEGAL:<\/b>\u00a0Art. 28, inciso I, da Lei Federal n\u00b0 14.133, de 1\u00ba de abril de 2021.<\/p>\n<p>&nbsp;<\/p>\n<p><b>VIG\u00caNCIA:<\/b>\u00a012 (doze) meses.<\/p>\n<p>&nbsp;<\/p>\n<p>Ruy Barbosa\/RN, em 02 de janeiro de 2026.<\/p>\n<div align=\"right\">\n<b>Publicado por:<\/b><br \/>\nFelipe Renan Fernandes<br \/>\n<b>C\u00f3digo Identificador:<\/b>E7156C63<\/div>\n<p>&nbsp;<\/p>\n<hr \/>\n<p>Mat\u00e9ria publicada no Di\u00e1rio Oficial dos Munic\u00edpios do Estado do Rio Grande do Norte no dia 07\/01\/2026. Edi\u00e7\u00e3o 3703<br \/>\nA verifica\u00e7\u00e3o de autenticidade da mat\u00e9ria pode ser feita informando o c\u00f3digo identificador no site:<br \/>\nhttps:\/\/www.diariomunicipal.com.br\/femurn\/<\/p><\/div>\n","protected":false},"excerpt":{"rendered":"<p>ESTADO DO RIO GRANDE DO NORTE PREFEITURA MUNICIPAL DE RUY BARBOSA GABINETE DO PREFEITO EXTRATO DE CONTRATO N\u00ba 20260001 ORIGEM:\u00a0PREG\u00c3O ELETR\u00d4NICO N\u00ba 02\/2024 \/ ATA DE REGISTRO DE PRE\u00c7OS N\u00ba 20240071 &nbsp; CONTRATANTE:\u00a0PREFEITURA MUNICIPAL DE RUY BARBOSA\/RN &nbsp; CONTRATADO(A):\u00a0MAFRA E MAFRA COMERCIO VAREJISTA DE COMBUSTIVEL LTDA, CNPJ n\u00ba 09.317.359\/0002-42. &nbsp; OBJETO:\u00a0Aquisi\u00e7\u00e3o parcelada de combust\u00edveis para [&hellip;]<\/p>\n","protected":false},"author":1,"featured_media":0,"comment_status":"closed","ping_status":"closed","sticky":false,"template":"","format":"standard","meta":{"_et_pb_use_builder":"","_et_pb_old_content":"","_et_gb_content_width":"","footnotes":""},"categories":[36,290,31],"tags":[],"class_list":["post-27963","post","type-post","status-publish","format-standard","hentry","category-contratos","category-contratos-ou-ata-de-registro-de-preco-2026","category-licitacao"],"_links":{"self":[{"href":"https:\/\/ruybarbosa.rn.gov.br\/transparente\/index\/wp-json\/wp\/v2\/posts\/27963","targetHints":{"allow":["GET"]}}],"collection":[{"href":"https:\/\/ruybarbosa.rn.gov.br\/transparente\/index\/wp-json\/wp\/v2\/posts"}],"about":[{"href":"https:\/\/ruybarbosa.rn.gov.br\/transparente\/index\/wp-json\/wp\/v2\/types\/post"}],"author":[{"embeddable":true,"href":"https:\/\/ruybarbosa.rn.gov.br\/transparente\/index\/wp-json\/wp\/v2\/users\/1"}],"replies":[{"embeddable":true,"href":"https:\/\/ruybarbosa.rn.gov.br\/transparente\/index\/wp-json\/wp\/v2\/comments?post=27963"}],"version-history":[{"count":1,"href":"https:\/\/ruybarbosa.rn.gov.br\/transparente\/index\/wp-json\/wp\/v2\/posts\/27963\/revisions"}],"predecessor-version":[{"id":27964,"href":"https:\/\/ruybarbosa.rn.gov.br\/transparente\/index\/wp-json\/wp\/v2\/posts\/27963\/revisions\/27964"}],"wp:attachment":[{"href":"https:\/\/ruybarbosa.rn.gov.br\/transparente\/index\/wp-json\/wp\/v2\/media?parent=27963"}],"wp:term":[{"taxonomy":"category","embeddable":true,"href":"https:\/\/ruybarbosa.rn.gov.br\/transparente\/index\/wp-json\/wp\/v2\/categories?post=27963"},{"taxonomy":"post_tag","embeddable":true,"href":"https:\/\/ruybarbosa.rn.gov.br\/transparente\/index\/wp-json\/wp\/v2\/tags?post=27963"}],"curies":[{"name":"wp","href":"https:\/\/api.w.org\/{rel}","templated":true}]}}