{"id":27995,"date":"2026-01-07T16:28:45","date_gmt":"2026-01-07T19:28:45","guid":{"rendered":"https:\/\/ruybarbosa.rn.gov.br\/transparente\/index\/?p=27995"},"modified":"2026-03-03T16:29:34","modified_gmt":"2026-03-03T19:29:34","slug":"portaria-n-o-03-2026-gp-dispoe-sobre-a-designacao-de-comissao-do-processo-de-escolha-de-diretor-a-escolar-e-vice-diretor-a-das-instituicoes-escolares-da-rede-municipal-de-ensino-do-municipio-d","status":"publish","type":"post","link":"https:\/\/ruybarbosa.rn.gov.br\/transparente\/index\/portaria-n-o-03-2026-gp-dispoe-sobre-a-designacao-de-comissao-do-processo-de-escolha-de-diretor-a-escolar-e-vice-diretor-a-das-instituicoes-escolares-da-rede-municipal-de-ensino-do-municipio-d\/","title":{"rendered":"PORTARIA N.\u00ba 03\/2026 &#8211; GP &#8211; Disp\u00f5e sobre a designa\u00e7\u00e3o de Comiss\u00e3o do processo de escolha de Diretor (a) escolar e Vice-diretor (a) das Institui\u00e7\u00f5es Escolares da Rede Municipal de Ensino do Munic\u00edpio de Ruy Barbosa\/RN."},"content":{"rendered":"<div id=\"separador\" class=\"cabecalhoEstadoSeparador cabecalhoEstadoSeparador1\">\n<p style=\"text-align: center;\"><strong>ESTADO DO RIO GRANDE DO NORTE<\/strong><br \/>\n<strong>PREFEITURA MUNICIPAL DE RUY BARBOSA<\/strong><\/p>\n<\/div>\n<p class=\"cabecaorgao\" style=\"text-align: center;\"><strong>GABINETE DO PREFEITO<\/strong><\/p>\n<hr \/>\n<div id=\"materia\" class=\"materia materia20091123 materia1\">\n<p><strong>PORTARIA N.\u00ba 03\/2026 &#8211; GP<\/strong><\/p>\n<div class=\"mat\">Disp\u00f5e sobre a designa\u00e7\u00e3o de Comiss\u00e3o do processo de escolha de Diretor (a) escolar e Vice-diretor (a) das Institui\u00e7\u00f5es Escolares da Rede Municipal de Ensino do Munic\u00edpio de Ruy Barbosa\/RN.<\/div>\n<p>&nbsp;<\/p>\n<p>O PREFEITO MUNICIPAL DE RUY BARBOSA\/RN, no uso de suas atribui\u00e7\u00f5es que lhe s\u00e3o conferidas por Lei;<\/p>\n<p>Considerando os crit\u00e9rios do\u00a0<b>Decreto<\/b>\u00a0<b>n\u00ba 036 de 06 de setembro de 2022 &#8211; GP, que disp\u00f5e sobre crit\u00e9rios para provimento da fun\u00e7\u00e3o de Diretor (a) e Vice-diretor escolares da Rede Municipal de Ensino de Ruy Barbosa\/RN.<\/b><\/p>\n<p>&nbsp;<\/p>\n<p>RESOLVE:<\/p>\n<p>Art. 1\u00ba &#8211; Designar Comiss\u00e3o do processo de escolha de Diretor (a) e Vice-diretor (a) das Institui\u00e7\u00f5es de Ensino da Rede Municipal de Ensino do munic\u00edpio de Ruy Barbosa\/RN.<\/p>\n<p>Art. 2\u00ba &#8211; A Comiss\u00e3o de Sele\u00e7\u00e3o de que trata o artigo antecedente ser\u00e1 composta pelos seguintes membros:<\/p>\n<p>a) Francisco Olinto Sobrinho Ferreira \u2013 Presidente;<\/p>\n<p>b) Ana Rodrigues de Souza \u2013 Membro;<\/p>\n<p>c) Daliane de Moura Pires \u2013 Membro.<\/p>\n<p>d) Maria Cristiane da Silva Costa \u2013 Membro<\/p>\n<p>Art. 3\u00ba &#8211; Esta Portaria entrar\u00e1 em vigor na data de sua publica\u00e7\u00e3o, revogadas as disposi\u00e7\u00f5es em contr\u00e1rio.<\/p>\n<p>Publique-se, registre-se e cumpra-se.<\/p>\n<p>&nbsp;<\/p>\n<p>Gabinete do Prefeito Municipal de Ruy Barbosa\/RN, em 07 de Janeiro de 2026.<\/p>\n<p>&nbsp;<\/p>\n<p>&nbsp;<\/p>\n<p><b><i>RANIERE MOURA BARBOSA<\/i><\/b><\/p>\n<p><b><i><\/i><\/b>&nbsp;<\/p>\n<p>Prefeito de Ruy Barbosa<\/p>\n<p>&nbsp;<\/p>\n<div align=\"right\">\n<b>Publicado por:<\/b><br \/>\nDaliane de Moura Pires<br \/>\n<b>C\u00f3digo Identificador:<\/b>B49D2028<\/div>\n<p>&nbsp;<\/p>\n<hr \/>\n<p>Mat\u00e9ria publicada no Di\u00e1rio Oficial dos Munic\u00edpios do Estado do Rio Grande do Norte no dia 09\/01\/2026. Edi\u00e7\u00e3o 3705<br \/>\nA verifica\u00e7\u00e3o de autenticidade da mat\u00e9ria pode ser feita informando o c\u00f3digo identificador no site:<br \/>\nhttps:\/\/www.diariomunicipal.com.br\/femurn\/<\/p><\/div>\n","protected":false},"excerpt":{"rendered":"<p>ESTADO DO RIO GRANDE DO NORTE PREFEITURA MUNICIPAL DE RUY BARBOSA GABINETE DO PREFEITO PORTARIA N.\u00ba 03\/2026 &#8211; GP Disp\u00f5e sobre a designa\u00e7\u00e3o de Comiss\u00e3o do processo de escolha de Diretor (a) escolar e Vice-diretor (a) das Institui\u00e7\u00f5es Escolares da Rede Municipal de Ensino do Munic\u00edpio de Ruy Barbosa\/RN. &nbsp; O PREFEITO MUNICIPAL DE RUY [&hellip;]<\/p>\n","protected":false},"author":1,"featured_media":0,"comment_status":"closed","ping_status":"closed","sticky":false,"template":"","format":"standard","meta":{"_et_pb_use_builder":"","_et_pb_old_content":"","_et_gb_content_width":"","footnotes":""},"categories":[37,84,288],"tags":[],"class_list":["post-27995","post","type-post","status-publish","format-standard","hentry","category-legislacao","category-portaria","category-portarias-2026"],"_links":{"self":[{"href":"https:\/\/ruybarbosa.rn.gov.br\/transparente\/index\/wp-json\/wp\/v2\/posts\/27995","targetHints":{"allow":["GET"]}}],"collection":[{"href":"https:\/\/ruybarbosa.rn.gov.br\/transparente\/index\/wp-json\/wp\/v2\/posts"}],"about":[{"href":"https:\/\/ruybarbosa.rn.gov.br\/transparente\/index\/wp-json\/wp\/v2\/types\/post"}],"author":[{"embeddable":true,"href":"https:\/\/ruybarbosa.rn.gov.br\/transparente\/index\/wp-json\/wp\/v2\/users\/1"}],"replies":[{"embeddable":true,"href":"https:\/\/ruybarbosa.rn.gov.br\/transparente\/index\/wp-json\/wp\/v2\/comments?post=27995"}],"version-history":[{"count":1,"href":"https:\/\/ruybarbosa.rn.gov.br\/transparente\/index\/wp-json\/wp\/v2\/posts\/27995\/revisions"}],"predecessor-version":[{"id":27996,"href":"https:\/\/ruybarbosa.rn.gov.br\/transparente\/index\/wp-json\/wp\/v2\/posts\/27995\/revisions\/27996"}],"wp:attachment":[{"href":"https:\/\/ruybarbosa.rn.gov.br\/transparente\/index\/wp-json\/wp\/v2\/media?parent=27995"}],"wp:term":[{"taxonomy":"category","embeddable":true,"href":"https:\/\/ruybarbosa.rn.gov.br\/transparente\/index\/wp-json\/wp\/v2\/categories?post=27995"},{"taxonomy":"post_tag","embeddable":true,"href":"https:\/\/ruybarbosa.rn.gov.br\/transparente\/index\/wp-json\/wp\/v2\/tags?post=27995"}],"curies":[{"name":"wp","href":"https:\/\/api.w.org\/{rel}","templated":true}]}}