{"id":28045,"date":"2026-01-13T15:50:57","date_gmt":"2026-01-13T18:50:57","guid":{"rendered":"https:\/\/ruybarbosa.rn.gov.br\/transparente\/index\/?p=28045"},"modified":"2026-03-13T15:51:54","modified_gmt":"2026-03-13T18:51:54","slug":"portaria-no-001-2026-smed-dispoe-sobre-a-nomeacao-de-comissao-para-o-agendamento-de-licenca-premio-dos-profissionais-da-rede-municipal-de-educacao-de-ruy-barbosa-rn","status":"publish","type":"post","link":"https:\/\/ruybarbosa.rn.gov.br\/transparente\/index\/portaria-no-001-2026-smed-dispoe-sobre-a-nomeacao-de-comissao-para-o-agendamento-de-licenca-premio-dos-profissionais-da-rede-municipal-de-educacao-de-ruy-barbosa-rn\/","title":{"rendered":"PORTARIA N\u00ba 001\/2026 &#8211; SMED &#8211; Disp\u00f5e sobre a nomea\u00e7\u00e3o de comiss\u00e3o para o agendamento de licen\u00e7a pr\u00eamio dos profissionais da rede municipal de educa\u00e7\u00e3o de Ruy Barbosa\/RN."},"content":{"rendered":"<div id=\"separador\" class=\"cabecalhoEstadoSeparador cabecalhoEstadoSeparador1\">\n<p><strong>ESTADO DO RIO GRANDE DO NORTE<\/strong><br \/>\n<strong>PREFEITURA MUNICIPAL DE RUY BARBOSA<\/strong><\/p>\n<\/div>\n<p id=\"cabecaorgao\" class=\"cabecaorgao\">\n<div id=\"materia\" class=\"materia materia20091123 materia1\">\n<p><strong>SECRETARIA MUNICIPAL DE EDUCA\u00c7\u00c3O E DESPORTOS<\/strong><br \/>\n<strong>PORTARIA N\u00ba 001\/2026 &#8211; SMED<\/strong><\/p>\n<div class=\"mat\">Disp\u00f5e sobre a nomea\u00e7\u00e3o de comiss\u00e3o para o agendamento de licen\u00e7a pr\u00eamio dos profissionais da rede municipal de educa\u00e7\u00e3o de Ruy Barbosa\/RN.<\/div>\n<p>&nbsp;<\/p>\n<p>O Secret\u00e1rio de Educa\u00e7\u00e3o e Desportos do Munic\u00edpio de Ruy Barbosa\/RN, no uso de suas atribui\u00e7\u00f5es legais,<\/p>\n<p>&nbsp;<\/p>\n<p><b>RESOLVE:<\/b><\/p>\n<p>&nbsp;<\/p>\n<p>Art.1\u00ba \u2013 Nomear a comiss\u00e3o para o agendamento de licen\u00e7a pr\u00eamio dos profissionais da rede municipal de educa\u00e7\u00e3o de Ruy Barbosa\/RN.<\/p>\n<p>&nbsp;<\/p>\n<p>Francisco Olinto Sobrinho Ferreira \u2013 Representante T\u00e9cnico da Secretaria Municipal de Educa\u00e7\u00e3o;<\/p>\n<p>Edna Soares de Lima \u2013 Representante da Secretaria Municipal de Educa\u00e7\u00e3o;<\/p>\n<p>Ana Rodrigues de Souza \u2013 Coordenadora Geral de Ensino;<\/p>\n<p>K\u00e1tia Adriana Ferreira \u2013 T\u00e9cnica da Secretaria Municipal de Educa\u00e7\u00e3o.<\/p>\n<p>&nbsp;<\/p>\n<p>Art.2\u00ba \u2013 Esta portaria entrar\u00e1 em vigor na data da sua publica\u00e7\u00e3o.<\/p>\n<p>&nbsp;<\/p>\n<p>Art.3\u00ba \u2013 Revogam-se todas as disposi\u00e7\u00f5es em contr\u00e1rio.<\/p>\n<p>&nbsp;<\/p>\n<p>Gabinete do Secret\u00e1rio de Educa\u00e7\u00e3o e Desportos do munic\u00edpio de Ruy Barbosa\/RN, em 13 de Janeiro de 2026.<\/p>\n<p>&nbsp;<\/p>\n<p><b><i>ROBSON CLETON DE SOUZA SILVA<\/i><\/b><\/p>\n<p>Secret\u00e1rio Municipal de Educa\u00e7\u00e3o e Desportos<\/p>\n<div align=\"right\">\n<b>Publicado por:<\/b><br \/>\nDaliane de Moura Pires<br \/>\n<b>C\u00f3digo Identificador:<\/b>A1EE1115<\/div>\n<p>&nbsp;<\/p>\n<hr \/>\n<p>Mat\u00e9ria publicada no Di\u00e1rio Oficial dos Munic\u00edpios do Estado do Rio Grande do Norte no dia 15\/01\/2026. Edi\u00e7\u00e3o 3709<br \/>\nA verifica\u00e7\u00e3o de autenticidade da mat\u00e9ria pode ser feita informando o c\u00f3digo identificador no site:<br \/>\nhttps:\/\/www.diariomunicipal.com.br\/femurn\/<\/p><\/div>\n","protected":false},"excerpt":{"rendered":"<p>ESTADO DO RIO GRANDE DO NORTE PREFEITURA MUNICIPAL DE RUY BARBOSA SECRETARIA MUNICIPAL DE EDUCA\u00c7\u00c3O E DESPORTOS PORTARIA N\u00ba 001\/2026 &#8211; SMED Disp\u00f5e sobre a nomea\u00e7\u00e3o de comiss\u00e3o para o agendamento de licen\u00e7a pr\u00eamio dos profissionais da rede municipal de educa\u00e7\u00e3o de Ruy Barbosa\/RN. &nbsp; O Secret\u00e1rio de Educa\u00e7\u00e3o e Desportos do Munic\u00edpio de Ruy [&hellip;]<\/p>\n","protected":false},"author":1,"featured_media":0,"comment_status":"closed","ping_status":"closed","sticky":false,"template":"","format":"standard","meta":{"_et_pb_use_builder":"","_et_pb_old_content":"","_et_gb_content_width":"","footnotes":""},"categories":[37,84,288],"tags":[],"class_list":["post-28045","post","type-post","status-publish","format-standard","hentry","category-legislacao","category-portaria","category-portarias-2026"],"_links":{"self":[{"href":"https:\/\/ruybarbosa.rn.gov.br\/transparente\/index\/wp-json\/wp\/v2\/posts\/28045","targetHints":{"allow":["GET"]}}],"collection":[{"href":"https:\/\/ruybarbosa.rn.gov.br\/transparente\/index\/wp-json\/wp\/v2\/posts"}],"about":[{"href":"https:\/\/ruybarbosa.rn.gov.br\/transparente\/index\/wp-json\/wp\/v2\/types\/post"}],"author":[{"embeddable":true,"href":"https:\/\/ruybarbosa.rn.gov.br\/transparente\/index\/wp-json\/wp\/v2\/users\/1"}],"replies":[{"embeddable":true,"href":"https:\/\/ruybarbosa.rn.gov.br\/transparente\/index\/wp-json\/wp\/v2\/comments?post=28045"}],"version-history":[{"count":1,"href":"https:\/\/ruybarbosa.rn.gov.br\/transparente\/index\/wp-json\/wp\/v2\/posts\/28045\/revisions"}],"predecessor-version":[{"id":28046,"href":"https:\/\/ruybarbosa.rn.gov.br\/transparente\/index\/wp-json\/wp\/v2\/posts\/28045\/revisions\/28046"}],"wp:attachment":[{"href":"https:\/\/ruybarbosa.rn.gov.br\/transparente\/index\/wp-json\/wp\/v2\/media?parent=28045"}],"wp:term":[{"taxonomy":"category","embeddable":true,"href":"https:\/\/ruybarbosa.rn.gov.br\/transparente\/index\/wp-json\/wp\/v2\/categories?post=28045"},{"taxonomy":"post_tag","embeddable":true,"href":"https:\/\/ruybarbosa.rn.gov.br\/transparente\/index\/wp-json\/wp\/v2\/tags?post=28045"}],"curies":[{"name":"wp","href":"https:\/\/api.w.org\/{rel}","templated":true}]}}