{"id":28139,"date":"2026-01-02T17:02:10","date_gmt":"2026-01-02T20:02:10","guid":{"rendered":"https:\/\/ruybarbosa.rn.gov.br\/transparente\/index\/?p=28139"},"modified":"2026-03-13T17:03:03","modified_gmt":"2026-03-13T20:03:03","slug":"decreto-no-05-2026-a-abertura-de-credito-adicional-suplementar-alteracao-de-qdd-para-reforco-da-dotacao-orcamentaria-observando-o-disposto-no-art-43-da-lei-federal-no-4-320-64-e-lei-municipal-n","status":"publish","type":"post","link":"https:\/\/ruybarbosa.rn.gov.br\/transparente\/index\/decreto-no-05-2026-a-abertura-de-credito-adicional-suplementar-alteracao-de-qdd-para-reforco-da-dotacao-orcamentaria-observando-o-disposto-no-art-43-da-lei-federal-no-4-320-64-e-lei-municipal-n\/","title":{"rendered":"DECRETO N\u00ba 05\/2026 &#8211; A abertura de Cr\u00e9dito Adicional, Suplementar\/Altera\u00e7\u00e3o de QDD para refor\u00e7o da dota\u00e7\u00e3o or\u00e7amentaria, observando o disposto no Art. 43, da Lei Federal n\u00ba 4.320\/64, e Lei Municipal n\u00ba 614\/2025 &#8211; (LOA 2026), para os fins que especifica e d\u00e1 outras provid\u00eancias."},"content":{"rendered":"<div id=\"separador\" class=\"cabecalhoEstadoSeparador cabecalhoEstadoSeparador2\">\n<p style=\"text-align: center;\"><strong>ESTADO DO RIO GRANDE DO NORTE<\/strong><br \/>\n<strong>PREFEITURA MUNICIPAL DE RUY BARBOSA<\/strong><\/p>\n<\/div>\n<p class=\"cabecaorgao\" style=\"text-align: center;\"><strong>GABINETE DO PREFEITO<\/strong><\/p>\n<hr \/>\n<div id=\"materia\" class=\"materia materia20091123 materia2\">\n<p><strong>DECRETO N\u00ba 05 DE 2026<\/strong><\/p>\n<div class=\"mat\"><\/div>\n<p><b>DECRETO N\u00ba 05, DE 02 de janeiro de 2026<\/b><\/p>\n<p>&nbsp;<\/p>\n<p>A abertura de Cr\u00e9dito Adicional, Suplementar\/Altera\u00e7\u00e3o de QDD para refor\u00e7o da dota\u00e7\u00e3o or\u00e7amentaria, observando o disposto no Art. 43, da Lei Federal n\u00ba 4.320\/64, e Lei Municipal n\u00ba 614\/2025 &#8211; (LOA 2026), para os fins que especifica e d\u00e1 outras provid\u00eancias.<\/p>\n<p>&nbsp;<\/p>\n<p><b>O PREFEITO MUNICIPAL DE RUY BARBOSA-RN:\u00a0<\/b>no uso das atribui\u00e7\u00f5es que lhes s\u00e3o conferidas na Lei Org\u00e2nica Municipal, nos termos do art. 167, Inciso 2\u00ba da Constitui\u00e7\u00e3o Federal, art. 45 da Lei Federal 4.320\/64, e Lei Municipal n\u00ba 614\/2025 &#8211; (LOA 2026), de 16 de dezembro de 2025.<\/p>\n<p><b>DECRETA:<\/b><\/p>\n<p><b>Art. 1\u00ba<\/b>\u00a0&#8211; Fica aberto, no corrente exerc\u00edcio, Cr\u00e9dito Suplementar no valor de R$ 1.660,00 (um mil, seiscentos e sessenta reais) \u00e0s dota\u00e7\u00f5es especificadas no Anexo I da Tabela Anexa deste Decreto.<\/p>\n<p><b>Art. 2\u00ba<\/b>\u00a0&#8211; Constitui fonte de recursos para fazer face ao cr\u00e9dito de que trata o artigo anterior, a anula\u00e7\u00e3o, em igual valor, das dota\u00e7\u00f5es or\u00e7ament\u00e1rias discriminadas no Anexo II da Tabela Anexa deste Decreto.<\/p>\n<p><b>Art. 3\u00ba<\/b>\u00a0&#8211; Este Decreto entra em vigor na data de sua publica\u00e7\u00e3o, revogadas as disposi\u00e7\u00f5es em contr\u00e1rio.<\/p>\n<p>&nbsp;<\/p>\n<p>Ruy Barbosa\/RN, 02 de janeiro de 2026<\/p>\n<p>&nbsp;<\/p>\n<p><b><i>RANIERE MOURA BARBOSA<\/i><\/b><\/p>\n<p>Prefeito Constitucional de Ruy Barbosa<\/p>\n<p>&nbsp;<\/p>\n<p><b>DECRETO N\u00ba 05\/2026 &#8211; TABELA DEMONSTRATIVA<\/b><\/p>\n<p>&nbsp;<\/p>\n<table class=\"mat\" border=\"1\" cellspacing=\"0\" cellpadding=\"0\" align=\"left\">\n<tbody>\n<tr>\n<td width=\"20%\">Unidade Or\u00e7ament\u00e1ria<\/td>\n<td width=\"5%\">A\u00e7\u00e3o<\/td>\n<td>Natureza<\/td>\n<td width=\"5%\">Fonte<\/td>\n<td width=\"5%\">Regi\u00e3o<\/td>\n<td width=\"10%\">Valor<\/td>\n<\/tr>\n<tr>\n<td colspan=\"5\"><b>Anexo I (Acr\u00e9scimo)<\/b><\/td>\n<td><b>1.660,00<\/b><\/td>\n<\/tr>\n<tr>\n<td colspan=\"5\"><b>05 .002 FUNDO MUNICIPAL DE ASSISTENCIA SOCIAL<\/b><\/td>\n<td><b>1.460,00<\/b><\/td>\n<\/tr>\n<tr>\n<td>&nbsp;<\/td>\n<td colspan=\"4\"><b>2021 Bloco da Prote\u00e7\u00e3o Social B\u00e1sica \u2013 BL PSB \u2013 (CRAS e SCFV)<\/b><\/td>\n<td><b>1.460,00<\/b><\/td>\n<\/tr>\n<tr>\n<td>&nbsp;<\/td>\n<td>&nbsp;<\/td>\n<td>3.3.90.40 SERVI\u00c7OS DE TECNOLOGIA DA INFORMA\u00c7\u00c3O E COMUNICA\u00c7\u00c3O &#8211; PESSOA JUR\u00cdDICA<\/td>\n<td>16600000<\/td>\n<td>0001<\/td>\n<td>1.460,00<\/td>\n<\/tr>\n<tr>\n<td colspan=\"5\"><b>13 .001 SECRETARIA MUNICIPAL DE SERVI\u00c7OS URBANOS<\/b><\/td>\n<td><b>200,00<\/b><\/td>\n<\/tr>\n<tr>\n<td>&nbsp;<\/td>\n<td colspan=\"4\"><b>2007 Manuten\u00e7\u00e3o dos Servi\u00e7os de Ilumina\u00e7\u00e3o P\u00fablica<\/b><\/td>\n<td><b>200,00<\/b><\/td>\n<\/tr>\n<tr>\n<td>&nbsp;<\/td>\n<td>&nbsp;<\/td>\n<td>3.3.90.92 DESPESAS DE EXERC\u00cdCIOS ANTERIORES<\/td>\n<td>17510000<\/td>\n<td>0001<\/td>\n<td>200,00<\/td>\n<\/tr>\n<tr>\n<td colspan=\"5\"><b>Anexo II (Redu\u00e7\u00e3o)<\/b><\/td>\n<td><b>1.660,00<\/b><\/td>\n<\/tr>\n<tr>\n<td colspan=\"5\"><b>05 .002 FUNDO MUNICIPAL DE ASSISTENCIA SOCIAL<\/b><\/td>\n<td><b>1.460,00<\/b><\/td>\n<\/tr>\n<tr>\n<td>&nbsp;<\/td>\n<td colspan=\"4\"><b>2021 Bloco da Prote\u00e7\u00e3o Social B\u00e1sica \u2013 BL PSB \u2013 (CRAS e SCFV)<\/b><\/td>\n<td><b>1.460,00<\/b><\/td>\n<\/tr>\n<tr>\n<td>&nbsp;<\/td>\n<td>&nbsp;<\/td>\n<td>3.3.90.39 OUTROS SERVI\u00c7OS DE TERCEIROS &#8211; PESSOA JUR\u00cdDICA<\/td>\n<td>16600000<\/td>\n<td>0001<\/td>\n<td>1.460,00<\/td>\n<\/tr>\n<tr>\n<td colspan=\"5\"><b>13 .001 SECRETARIA MUNICIPAL DE SERVI\u00c7OS URBANOS<\/b><\/td>\n<td><b>200,00<\/b><\/td>\n<\/tr>\n<tr>\n<td>&nbsp;<\/td>\n<td colspan=\"4\"><b>2007 Manuten\u00e7\u00e3o dos Servi\u00e7os de Ilumina\u00e7\u00e3o P\u00fablica<\/b><\/td>\n<td><b>200,00<\/b><\/td>\n<\/tr>\n<tr>\n<td>&nbsp;<\/td>\n<td>&nbsp;<\/td>\n<td>3.3.90.39 OUTROS SERVI\u00c7OS DE TERCEIROS &#8211; PESSOA JUR\u00cdDICA<\/td>\n<td>17510000<\/td>\n<td>0001<\/td>\n<td>200,00<\/td>\n<\/tr>\n<\/tbody>\n<\/table>\n<p>&nbsp;<\/p>\n<p>Ruy Barbosa\/RN, 02 de janeiro de 2026<\/p>\n<p>&nbsp;<\/p>\n<p><b><i>RANIERE MOURA BARBOSA<\/i><\/b><\/p>\n<p>Prefeito Constitucional de Ruy Barbosa<\/p>\n<div align=\"right\">\n<b>Publicado por:<\/b><br \/>\nDaliane de Moura Pires<br \/>\n<b>C\u00f3digo Identificador:<\/b>0E140B2C<\/div>\n<p>&nbsp;<\/p>\n<hr \/>\n<p>Mat\u00e9ria publicada no Di\u00e1rio Oficial dos Munic\u00edpios do Estado do Rio Grande do Norte no dia 09\/03\/2026. Edi\u00e7\u00e3o 3745<br \/>\nA verifica\u00e7\u00e3o de autenticidade da mat\u00e9ria pode ser feita informando o c\u00f3digo identificador no site:<br \/>\nhttps:\/\/www.diariomunicipal.com.br\/femurn\/<\/p><\/div>\n","protected":false},"excerpt":{"rendered":"<p>ESTADO DO RIO GRANDE DO NORTE PREFEITURA MUNICIPAL DE RUY BARBOSA GABINETE DO PREFEITO DECRETO N\u00ba 05 DE 2026 DECRETO N\u00ba 05, DE 02 de janeiro de 2026 &nbsp; A abertura de Cr\u00e9dito Adicional, Suplementar\/Altera\u00e7\u00e3o de QDD para refor\u00e7o da dota\u00e7\u00e3o or\u00e7amentaria, observando o disposto no Art. 43, da Lei Federal n\u00ba 4.320\/64, e Lei [&hellip;]<\/p>\n","protected":false},"author":1,"featured_media":0,"comment_status":"closed","ping_status":"closed","sticky":false,"template":"","format":"standard","meta":{"_et_pb_use_builder":"","_et_pb_old_content":"","_et_gb_content_width":"","footnotes":""},"categories":[40,285,37],"tags":[],"class_list":["post-28139","post","type-post","status-publish","format-standard","hentry","category-decretos","category-decretos-2026","category-legislacao"],"_links":{"self":[{"href":"https:\/\/ruybarbosa.rn.gov.br\/transparente\/index\/wp-json\/wp\/v2\/posts\/28139","targetHints":{"allow":["GET"]}}],"collection":[{"href":"https:\/\/ruybarbosa.rn.gov.br\/transparente\/index\/wp-json\/wp\/v2\/posts"}],"about":[{"href":"https:\/\/ruybarbosa.rn.gov.br\/transparente\/index\/wp-json\/wp\/v2\/types\/post"}],"author":[{"embeddable":true,"href":"https:\/\/ruybarbosa.rn.gov.br\/transparente\/index\/wp-json\/wp\/v2\/users\/1"}],"replies":[{"embeddable":true,"href":"https:\/\/ruybarbosa.rn.gov.br\/transparente\/index\/wp-json\/wp\/v2\/comments?post=28139"}],"version-history":[{"count":1,"href":"https:\/\/ruybarbosa.rn.gov.br\/transparente\/index\/wp-json\/wp\/v2\/posts\/28139\/revisions"}],"predecessor-version":[{"id":28140,"href":"https:\/\/ruybarbosa.rn.gov.br\/transparente\/index\/wp-json\/wp\/v2\/posts\/28139\/revisions\/28140"}],"wp:attachment":[{"href":"https:\/\/ruybarbosa.rn.gov.br\/transparente\/index\/wp-json\/wp\/v2\/media?parent=28139"}],"wp:term":[{"taxonomy":"category","embeddable":true,"href":"https:\/\/ruybarbosa.rn.gov.br\/transparente\/index\/wp-json\/wp\/v2\/categories?post=28139"},{"taxonomy":"post_tag","embeddable":true,"href":"https:\/\/ruybarbosa.rn.gov.br\/transparente\/index\/wp-json\/wp\/v2\/tags?post=28139"}],"curies":[{"name":"wp","href":"https:\/\/api.w.org\/{rel}","templated":true}]}}