{"id":28194,"date":"2026-04-01T16:02:10","date_gmt":"2026-04-01T19:02:10","guid":{"rendered":"https:\/\/ruybarbosa.rn.gov.br\/transparente\/index\/?p=28194"},"modified":"2026-04-06T16:02:59","modified_gmt":"2026-04-06T19:02:59","slug":"decreto-no-020-2026-gp-decreta-ponto-facultativo-nos-orgaos-e-entidades-da-administracao-publica-municipal-e-da-outras-providencias","status":"publish","type":"post","link":"https:\/\/ruybarbosa.rn.gov.br\/transparente\/index\/decreto-no-020-2026-gp-decreta-ponto-facultativo-nos-orgaos-e-entidades-da-administracao-publica-municipal-e-da-outras-providencias\/","title":{"rendered":"DECRETO N\u00ba 020\/2026-GP &#8211; Decreta ponto facultativo nos \u00f3rg\u00e3os e entidades da Administra\u00e7\u00e3o P\u00fablica Municipal, e d\u00e1 outras provid\u00eancias."},"content":{"rendered":"<div id=\"separador\" class=\"cabecalhoEstadoSeparador cabecalhoEstadoSeparador1\">\n<p style=\"text-align: center;\"><strong>ESTADO DO RIO GRANDE DO NORTE<\/strong><br \/>\n<strong>PREFEITURA MUNICIPAL DE RUY BARBOSA<\/strong><\/p>\n<\/div>\n<p class=\"cabecaorgao\" style=\"text-align: center;\"><strong>GABINETE DO PREFEITO<\/strong><\/p>\n<hr \/>\n<div id=\"materia\" class=\"materia materia20091123 materia1\">\n<p><strong>DECRETO N\u00ba 020\/2026-GP<\/strong><\/p>\n<div class=\"mat\"><\/div>\n<p>Decreta ponto facultativo nos \u00f3rg\u00e3os e entidades da Administra\u00e7\u00e3o P\u00fablica Municipal, e d\u00e1 outras provid\u00eancias.<\/p>\n<p>&nbsp;<\/p>\n<p>O\u00a0<b>Prefeito Municipal de Ruy Barbosa\/RN,\u00a0<\/b>no uso de suas atribui\u00e7\u00f5es que lhe s\u00e3o conferidas pela Lei Org\u00e2nica Municipal,<\/p>\n<p>&nbsp;<\/p>\n<p>CONSIDERANDO o Feriado Nacional do dia 03 de abril de 2026 \u2013 Sexta \u2013 Feira Santa;<\/p>\n<p>&nbsp;<\/p>\n<p>CONSIDERANDO o DECRETO ESTADUAL N\u00ba 35.209, DE 22 DE DEZEMBRO DE 2025;<\/p>\n<p>&nbsp;<\/p>\n<p>CONSIDERANDO a necessidade de se disciplinar o funcionamento dos \u00f3rg\u00e3os e entidades da Administra\u00e7\u00e3o P\u00fablica Municipal.<\/p>\n<p>&nbsp;<\/p>\n<p><b><u>D e c r e t a:<\/u><\/b><\/p>\n<p>&nbsp;<\/p>\n<p>Art. 1\u00ba &#8211; Fica decretado Ponto Facultativo nas reparti\u00e7\u00f5es p\u00fablicas do Munic\u00edpio de Ruy Barbosa\/RN no dia 02\/04\/2026, quinta-feira, sem preju\u00edzo da presta\u00e7\u00e3o de servi\u00e7os considerados essenciais.<\/p>\n<p>&nbsp;<\/p>\n<p>Art. 2\u00ba &#8211; As reparti\u00e7\u00f5es p\u00fablicas que prestam servi\u00e7os essenciais e de interesse p\u00fablico, cujo funcionamento \u00e9 ininterrupto, ter\u00e3o expediente normal no dia mencionado no artigo 1\u00ba deste decreto.<\/p>\n<p>&nbsp;<\/p>\n<p>Art. 3\u00ba &#8211; Ao funcionalismo p\u00fablico e reparti\u00e7\u00f5es municipais, com exce\u00e7\u00e3o da mat\u00e9ria do Art. 2\u00ba, retornar\u00e3o ao seu funcionamento normal no dia 06 de abril de 2026 (Segunda-Feira).<\/p>\n<p>&nbsp;<\/p>\n<p>Art. 4\u00ba &#8211; Este decreto entra em vigor na data de sua publica\u00e7\u00e3o, revogando-se as disposi\u00e7\u00f5es em contr\u00e1rio.<\/p>\n<p>&nbsp;<\/p>\n<p>Gabinete do Prefeito Municipal de Ruy Barbosa\/RN em, 1\u00ba de abril de 2026.<\/p>\n<p>&nbsp;<\/p>\n<p>&nbsp;<\/p>\n<p><b><i>RANIERE MOURA BARBOSA<\/i><\/b><\/p>\n<p>Prefeito Municipal<\/p>\n<div align=\"right\">\n<b>Publicado por:<\/b><br \/>\nDaliane de Moura Pires<br \/>\n<b>C\u00f3digo Identificador:<\/b>815D8749<\/div>\n<p>&nbsp;<\/p>\n<hr \/>\n<p>Mat\u00e9ria publicada no Di\u00e1rio Oficial dos Munic\u00edpios do Estado do Rio Grande do Norte no dia 02\/04\/2026. Edi\u00e7\u00e3o 3763<br \/>\nA verifica\u00e7\u00e3o de autenticidade da mat\u00e9ria pode ser feita informando o c\u00f3digo identificador no site:<br \/>\nhttps:\/\/www.diariomunicipal.com.br\/femurn\/<\/p><\/div>\n","protected":false},"excerpt":{"rendered":"<p>ESTADO DO RIO GRANDE DO NORTE PREFEITURA MUNICIPAL DE RUY BARBOSA GABINETE DO PREFEITO DECRETO N\u00ba 020\/2026-GP Decreta ponto facultativo nos \u00f3rg\u00e3os e entidades da Administra\u00e7\u00e3o P\u00fablica Municipal, e d\u00e1 outras provid\u00eancias. &nbsp; O\u00a0Prefeito Municipal de Ruy Barbosa\/RN,\u00a0no uso de suas atribui\u00e7\u00f5es que lhe s\u00e3o conferidas pela Lei Org\u00e2nica Municipal, &nbsp; CONSIDERANDO o Feriado Nacional [&hellip;]<\/p>\n","protected":false},"author":1,"featured_media":0,"comment_status":"closed","ping_status":"closed","sticky":false,"template":"","format":"standard","meta":{"_et_pb_use_builder":"","_et_pb_old_content":"","_et_gb_content_width":"","footnotes":""},"categories":[40,285,37],"tags":[],"class_list":["post-28194","post","type-post","status-publish","format-standard","hentry","category-decretos","category-decretos-2026","category-legislacao"],"_links":{"self":[{"href":"https:\/\/ruybarbosa.rn.gov.br\/transparente\/index\/wp-json\/wp\/v2\/posts\/28194","targetHints":{"allow":["GET"]}}],"collection":[{"href":"https:\/\/ruybarbosa.rn.gov.br\/transparente\/index\/wp-json\/wp\/v2\/posts"}],"about":[{"href":"https:\/\/ruybarbosa.rn.gov.br\/transparente\/index\/wp-json\/wp\/v2\/types\/post"}],"author":[{"embeddable":true,"href":"https:\/\/ruybarbosa.rn.gov.br\/transparente\/index\/wp-json\/wp\/v2\/users\/1"}],"replies":[{"embeddable":true,"href":"https:\/\/ruybarbosa.rn.gov.br\/transparente\/index\/wp-json\/wp\/v2\/comments?post=28194"}],"version-history":[{"count":1,"href":"https:\/\/ruybarbosa.rn.gov.br\/transparente\/index\/wp-json\/wp\/v2\/posts\/28194\/revisions"}],"predecessor-version":[{"id":28195,"href":"https:\/\/ruybarbosa.rn.gov.br\/transparente\/index\/wp-json\/wp\/v2\/posts\/28194\/revisions\/28195"}],"wp:attachment":[{"href":"https:\/\/ruybarbosa.rn.gov.br\/transparente\/index\/wp-json\/wp\/v2\/media?parent=28194"}],"wp:term":[{"taxonomy":"category","embeddable":true,"href":"https:\/\/ruybarbosa.rn.gov.br\/transparente\/index\/wp-json\/wp\/v2\/categories?post=28194"},{"taxonomy":"post_tag","embeddable":true,"href":"https:\/\/ruybarbosa.rn.gov.br\/transparente\/index\/wp-json\/wp\/v2\/tags?post=28194"}],"curies":[{"name":"wp","href":"https:\/\/api.w.org\/{rel}","templated":true}]}}