{"id":28242,"date":"2026-03-30T16:47:02","date_gmt":"2026-03-30T19:47:02","guid":{"rendered":"https:\/\/ruybarbosa.rn.gov.br\/transparente\/index\/?p=28242"},"modified":"2026-04-06T16:47:44","modified_gmt":"2026-04-06T19:47:44","slug":"demonstrativo-simplificado-rreo-1o-bimestre-de-2026-2","status":"publish","type":"post","link":"https:\/\/ruybarbosa.rn.gov.br\/transparente\/index\/demonstrativo-simplificado-rreo-1o-bimestre-de-2026-2\/","title":{"rendered":"DEMONSTRATIVO SIMPLIFICADO &#8211; RREO &#8211; 1\u00ba BIMESTRE DE 2026*"},"content":{"rendered":"<div id=\"separador\" class=\"cabecalhoEstadoSeparador cabecalhoEstadoSeparador2\">\n<p style=\"text-align: center;\"><strong>ESTADO DO RIO GRANDE DO NORTE<\/strong><br \/>\n<strong>PREFEITURA MUNICIPAL DE RUY BARBOSA<\/strong><\/p>\n<\/div>\n<p class=\"cabecaorgao\" style=\"text-align: center;\"><strong>GABINETE DO PREFEITO<\/strong><\/p>\n<hr \/>\n<div id=\"materia\" class=\"materia materia20091123 materia2\">\n<p><strong>DEMONSTRATIVO SIMPLIFICADO &#8211; RREO &#8211; 1\u00ba BIMESTRE DE 2026*<\/strong><\/p>\n<div class=\"mat\"><\/div>\n<table class=\"mat\" border=\"1\" cellspacing=\"0\" cellpadding=\"0\" align=\"left\">\n<tbody>\n<tr>\n<td>MUNICIPIO DE RUY BARBOSA<\/td>\n<td>Sistema Or\u00e7ament\u00e1rio, Financeiro e Cont\u00e1bil<\/td>\n<\/tr>\n<tr>\n<td><b>Demonstrativo Simplificado do Relat\u00f3rio Resumido de Execu\u00e7\u00e3o Or\u00e7ament\u00e1ria<\/b><\/td>\n<td>Exerc\u00edcio:\u00a0<b>2026<\/b><\/td>\n<\/tr>\n<tr>\n<td colspan=\"2\"><b>Bimestre: 1\/2026<\/b><\/td>\n<\/tr>\n<tr>\n<td colspan=\"2\">RREO &#8211; Anexo 14 (LRF, Art. 48)<\/td>\n<\/tr>\n<tr>\n<td><b>BALAN\u00c7O OR\u00c7AMENT\u00c1RIO<\/b><\/td>\n<td><b>At\u00e9 o Bimestre<\/b><\/td>\n<\/tr>\n<tr>\n<td>RECEITAS<\/td>\n<td>&nbsp;<\/td>\n<\/tr>\n<tr>\n<td>Previs\u00e3o Inicial<\/td>\n<td>45.938.980,00<\/td>\n<\/tr>\n<tr>\n<td>Previs\u00e3o Atualizada<\/td>\n<td>45.938.980,00<\/td>\n<\/tr>\n<tr>\n<td>Receitas Realizadas<\/td>\n<td>6.117.140,09<\/td>\n<\/tr>\n<tr>\n<td>D\u00e9ficit Or\u00e7ament\u00e1rio<\/td>\n<td>0,00<\/td>\n<\/tr>\n<tr>\n<td>Saldos de Exerc\u00edcios Anteriores (Utilizados para Cr\u00e9ditos Adicionais)<\/td>\n<td>717.447,72<\/td>\n<\/tr>\n<tr>\n<td>DESPESAS<\/td>\n<td>&nbsp;<\/td>\n<\/tr>\n<tr>\n<td>Dota\u00e7\u00e3o Inicial<\/td>\n<td>45.938.980,00<\/td>\n<\/tr>\n<tr>\n<td>Dota\u00e7\u00e3o Atualizada<\/td>\n<td>46.656.427,72<\/td>\n<\/tr>\n<tr>\n<td>Despesas Empenhadas<\/td>\n<td>21.290.864,49<\/td>\n<\/tr>\n<tr>\n<td>Despesas Liquidadas<\/td>\n<td>4.853.920,24<\/td>\n<\/tr>\n<tr>\n<td>Despesas Pagas<\/td>\n<td>4.781.973,24<\/td>\n<\/tr>\n<tr>\n<td>Super\u00e1vit Or\u00e7ament\u00e1rio<\/td>\n<td>1.263.219,85<\/td>\n<\/tr>\n<tr>\n<td><b>DESPESAS POR FUN\u00c7\u00c3O\/SUBFUN\u00c7\u00c3O<\/b><\/td>\n<td><b>At\u00e9 o Bimestre<\/b><\/td>\n<\/tr>\n<tr>\n<td>Despesas Empenhadas<\/td>\n<td>21.290.864,49<\/td>\n<\/tr>\n<tr>\n<td>Despesas Liquidadas<\/td>\n<td>4.853.920,24<\/td>\n<\/tr>\n<tr>\n<td><b>RECEITA CORRENTE L\u00cdQUIDA &#8211; RCL<\/b><\/td>\n<td><b>At\u00e9 o Bimestre<\/b><\/td>\n<\/tr>\n<tr>\n<td>Receita Corrente L\u00edquida<\/td>\n<td>40.251.867,11<\/td>\n<\/tr>\n<tr>\n<td>Receita Corrente L\u00edquida Ajustada para C\u00e1lculo dos Limites de Endividamento<\/td>\n<td>39.751.867,11<\/td>\n<\/tr>\n<tr>\n<td>Receita Corrente L\u00edquida Ajustada para C\u00e1lculo dos Limites da Despesa com Pessoal<\/td>\n<td>38.894.786,11<\/td>\n<\/tr>\n<tr>\n<td><b>RECEITAS E DESPESAS DO REGIME PR\u00d3PRIO DE PREVID\u00caNCIA DOS SERVIDORES<\/b><\/td>\n<td><b>At\u00e9 o Bimestre<\/b><\/td>\n<\/tr>\n<tr>\n<td>Fundo em Capitaliza\u00e7\u00e3o (PLANO PREVIDENCI\u00c1RIO)<\/td>\n<td>&nbsp;<\/td>\n<\/tr>\n<tr>\n<td>Receitas Previdenci\u00e1rias Realizada<\/td>\n<td>0,00<\/td>\n<\/tr>\n<tr>\n<td>Despesas Previdenci\u00e1rias Empenhadas<\/td>\n<td>0,00<\/td>\n<\/tr>\n<tr>\n<td>Despesas Previdenci\u00e1rias Liquidadas<\/td>\n<td>0,00<\/td>\n<\/tr>\n<tr>\n<td>Despesas Previdenci\u00e1rias Pagas<\/td>\n<td>0,00<\/td>\n<\/tr>\n<tr>\n<td>Resultado Previdenci\u00e1rio<\/td>\n<td>0,00<\/td>\n<\/tr>\n<tr>\n<td>Fundo em Reparti\u00e7\u00e3o (PLANO FINANCEIRO)<\/td>\n<td>&nbsp;<\/td>\n<\/tr>\n<tr>\n<td>Receitas Previdenci\u00e1rias Realizada<\/td>\n<td>0,00<\/td>\n<\/tr>\n<tr>\n<td>Despesas Previdenci\u00e1rias Empenhadas<\/td>\n<td>0,00<\/td>\n<\/tr>\n<tr>\n<td>Despesas Previdenci\u00e1rias Liquidadas<\/td>\n<td>0,00<\/td>\n<\/tr>\n<tr>\n<td>Despesas Previdenci\u00e1rias Pagas<\/td>\n<td>0,00<\/td>\n<\/tr>\n<tr>\n<td>Resultado Previdenci\u00e1rio<\/td>\n<td>0,00<\/td>\n<\/tr>\n<\/tbody>\n<\/table>\n<p>&nbsp;<\/p>\n<table class=\"mat\" border=\"1\" cellspacing=\"0\" cellpadding=\"0\" align=\"left\">\n<tbody>\n<tr>\n<td><b>RESULTADO PRIM\u00c1RIO E NOMINAL<\/b><\/td>\n<td><b>Meta Fixada no Anexo de Metas Fiscais da LDO (a)<\/b><\/td>\n<td colspan=\"2\"><b>Resultado Apurado<\/b>\u00a0<b>At\u00e9 o Bimestre<\/b>\u00a0<b>(b)<\/b><\/td>\n<td><b>% em Rela\u00e7\u00e3o \u00e0 Meta<\/b>\u00a0<b>(b\/a)<\/b><\/td>\n<\/tr>\n<tr>\n<td>Resultado Prim\u00e1rio (Sem RPPS) &#8211; Acima da Linha<\/td>\n<td>-168.762,00<\/td>\n<td colspan=\"2\">604.878,86<\/td>\n<td>358,42<\/td>\n<\/tr>\n<tr>\n<td>Resultado Nominal (Sem RPPS) &#8211; Abaixo da Linha<\/td>\n<td>-35.377,53<\/td>\n<td colspan=\"2\">901.048,45<\/td>\n<td>-2.546,95<\/td>\n<\/tr>\n<tr>\n<td><b>RESTOS A PAGAR POR PODER E MINIST\u00c9RIO P\u00daBLICO<\/b><\/td>\n<td><b>Inscri\u00e7\u00e3o<\/b><\/td>\n<td><b>Cancelamento At\u00e9 o Bimestre<\/b><\/td>\n<td><b>Pagamento At\u00e9 o Bimestre<\/b><\/td>\n<td><b>Saldo a Pagar<\/b><\/td>\n<\/tr>\n<tr>\n<td>RESTOS A PAGAR PROCESSADOS<\/td>\n<td>90.119,34<\/td>\n<td>0,00<\/td>\n<td>60.818,76<\/td>\n<td>29.300,58<\/td>\n<\/tr>\n<tr>\n<td>Poder Executivo<\/td>\n<td>90.119,34<\/td>\n<td>0,00<\/td>\n<td>60.818,76<\/td>\n<td>29.300,58<\/td>\n<\/tr>\n<tr>\n<td>Poder Legislativo<\/td>\n<td>0,00<\/td>\n<td>0,00<\/td>\n<td>0,00<\/td>\n<td>0,00<\/td>\n<\/tr>\n<tr>\n<td>RESTOS A PAGAR N\u00c3O-PROCESSADOS<\/td>\n<td>611.147,04<\/td>\n<td>0,00<\/td>\n<td>611.147,04<\/td>\n<td>0,00<\/td>\n<\/tr>\n<tr>\n<td>Poder Executivo<\/td>\n<td>611.147,04<\/td>\n<td>0,00<\/td>\n<td>611.147,04<\/td>\n<td>0,00<\/td>\n<\/tr>\n<tr>\n<td>Poder Legislativo<\/td>\n<td>0,00<\/td>\n<td>0,00<\/td>\n<td>0,00<\/td>\n<td>0,00<\/td>\n<\/tr>\n<tr>\n<td>TOTAL<\/td>\n<td>701.266,38<\/td>\n<td>0,00<\/td>\n<td>671.965,80<\/td>\n<td>29.300,58<\/td>\n<\/tr>\n<tr>\n<td rowspan=\"2\"><b>DESPESAS COM MANUTEN\u00c7\u00c3O E DESENVOLVIMENTO DO ENSINO<\/b><\/td>\n<td colspan=\"2\" rowspan=\"2\"><b>Valor Apurado At\u00e9 o Bimestre<\/b><\/td>\n<td colspan=\"2\"><b>Limite Constitucional Anual<\/b><\/td>\n<\/tr>\n<tr>\n<td><b>% M\u00ednimo a<\/b>\u00a0<b>Aplicar no Exerc\u00edcio<\/b><\/td>\n<td><b>% Aplicado<\/b>\u00a0<b>At\u00e9 o Bimestre<\/b><\/td>\n<\/tr>\n<tr>\n<td>M\u00ednimo Anual de &lt;18% \/25%&gt; das Rec. de Impostos na Manut. e Desenvolvimento do Ensino<\/td>\n<td colspan=\"2\">1.420.620,55<\/td>\n<td>25,00<\/td>\n<td>26,88<\/td>\n<\/tr>\n<tr>\n<td>M\u00ednimo de 70% do FUNDEB na Remunera\u00e7\u00e3o dos Profissionais da Educa\u00e7\u00e3o B\u00e1sica<\/td>\n<td colspan=\"2\">851.994,29<\/td>\n<td>70,00<\/td>\n<td>94,47<\/td>\n<\/tr>\n<tr>\n<td>Percentual Complementa\u00e7\u00e3o da Uni\u00e3o ao FUNDEB &#8211; (VAAT) Vinculado \u00e0 Educa\u00e7\u00e3o Infantil<\/td>\n<td colspan=\"2\">0,00<\/td>\n<td>0,00<\/td>\n<td>0,00<\/td>\n<\/tr>\n<tr>\n<td>M\u00ednimo de 15% da Complementa\u00e7\u00e3o da Uni\u00e3o ao FUNDEB &#8211; VAAT em Despesas de Capital<\/td>\n<td colspan=\"2\">0,00<\/td>\n<td>15,00<\/td>\n<td>0,00<\/td>\n<\/tr>\n<tr>\n<td><b>RECEITAS DE OPERA\u00c7\u00d5ES DE CR\u00c9DITO E DESPESAS DE CAPITAL<\/b><\/td>\n<td colspan=\"2\"><b>Valor Apurado no Exerc\u00edcio<\/b><\/td>\n<td colspan=\"2\"><b>Saldo n\u00e3o realizado<\/b><\/td>\n<\/tr>\n<tr>\n<td>Receita de Opera\u00e7\u00e3o de Cr\u00e9dito<\/td>\n<td colspan=\"2\">0,00<\/td>\n<td colspan=\"2\">0,00<\/td>\n<\/tr>\n<tr>\n<td>Despesa de Capital L\u00edquida<\/td>\n<td colspan=\"2\">0,00<\/td>\n<td colspan=\"2\">0,00<\/td>\n<\/tr>\n<tr>\n<td><b>PROJE\u00c7\u00c3O ATUARIAL DOS REGIMES DE PREVID\u00caNCIA E DO SISTEMA DE PROTE\u00c7\u00c3O SOCIAL DOS MILITARES<\/b><\/td>\n<td><b>Exerc\u00edcio<\/b><\/td>\n<td><b>10\u00ba Exerc\u00edcio<\/b><\/td>\n<td><b>20\u00ba Exerc\u00edcio<\/b><\/td>\n<td><b>35\u00ba Exerc\u00edcio<\/b><\/td>\n<\/tr>\n<tr>\n<td>Fundo em Capitaliza\u00e7\u00e3o (Plano Previdenci\u00e1rio)<\/td>\n<td>&nbsp;<\/td>\n<td>&nbsp;<\/td>\n<td>&nbsp;<\/td>\n<td>&nbsp;<\/td>\n<\/tr>\n<tr>\n<td>Receitas Previdenci\u00e1rias<\/td>\n<td>&nbsp;<\/td>\n<td>&nbsp;<\/td>\n<td>&nbsp;<\/td>\n<td>&nbsp;<\/td>\n<\/tr>\n<tr>\n<td>Despesas Previdenci\u00e1rias<\/td>\n<td>&nbsp;<\/td>\n<td>&nbsp;<\/td>\n<td>&nbsp;<\/td>\n<td>&nbsp;<\/td>\n<\/tr>\n<tr>\n<td>Resultado Previdenci\u00e1rio<\/td>\n<td>&nbsp;<\/td>\n<td>&nbsp;<\/td>\n<td>&nbsp;<\/td>\n<td>&nbsp;<\/td>\n<\/tr>\n<tr>\n<td>Fundo em Reparti\u00e7\u00e3o (Plano Financeiro)<\/td>\n<td>&nbsp;<\/td>\n<td>&nbsp;<\/td>\n<td>&nbsp;<\/td>\n<td>&nbsp;<\/td>\n<\/tr>\n<tr>\n<td>Receitas Previdenci\u00e1rias<\/td>\n<td>0,00<\/td>\n<td>0,00<\/td>\n<td>0,00<\/td>\n<td>0,00<\/td>\n<\/tr>\n<tr>\n<td>Despesas Previdenci\u00e1rias<\/td>\n<td>0,00<\/td>\n<td>0,00<\/td>\n<td>0,00<\/td>\n<td>0,00<\/td>\n<\/tr>\n<tr>\n<td>Resultado Previdenci\u00e1rio<\/td>\n<td>0,00<\/td>\n<td>0,00<\/td>\n<td>0,00<\/td>\n<td>0,00<\/td>\n<\/tr>\n<tr>\n<td>Pens\u00f5es e Inativos Militares<\/td>\n<td>&nbsp;<\/td>\n<td>&nbsp;<\/td>\n<td>&nbsp;<\/td>\n<td>&nbsp;<\/td>\n<\/tr>\n<tr>\n<td>Receitas de Contribui\u00e7\u00f5es<\/td>\n<td>0,00<\/td>\n<td>0,00<\/td>\n<td>0,00<\/td>\n<td>0,00<\/td>\n<\/tr>\n<tr>\n<td>Despesas com Pens\u00f5es e Inativos<\/td>\n<td>0,00<\/td>\n<td>0,00<\/td>\n<td>0,00<\/td>\n<td>0,00<\/td>\n<\/tr>\n<tr>\n<td>Resultado Associado \u00e0s Pens\u00f5es e aos Inativos Militares<\/td>\n<td>0,00<\/td>\n<td>0,00<\/td>\n<td>0,00<\/td>\n<td>0,00<\/td>\n<\/tr>\n<tr>\n<td>Top Down Consultoria Ltda.<\/td>\n<td>&nbsp;<\/td>\n<td>&nbsp;<\/td>\n<td>&nbsp;<\/td>\n<td>&nbsp;<\/td>\n<\/tr>\n<\/tbody>\n<\/table>\n<p>&nbsp;<\/p>\n<table class=\"mat\" border=\"1\" cellspacing=\"0\" cellpadding=\"0\" align=\"left\">\n<tbody>\n<tr>\n<td><b>RECEITA DA ALIENA\u00c7\u00c3O DE ATIVOS E APLICA\u00c7\u00c3O DOS RECURSOS<\/b><\/td>\n<td colspan=\"2\"><b>Valor Apurado no Exerc\u00edcio<\/b><\/td>\n<td><b>Saldo a Realizar<\/b><\/td>\n<\/tr>\n<tr>\n<td>Receita de Aliena\u00e7\u00e3o de Ativos<\/td>\n<td colspan=\"2\">0,00<\/td>\n<td>0,00<\/td>\n<\/tr>\n<tr>\n<td>Aplica\u00e7\u00e3o dos Recursos da Aliena\u00e7\u00e3o de Ativos<\/td>\n<td colspan=\"2\">0,00<\/td>\n<td>0,00<\/td>\n<\/tr>\n<tr>\n<td rowspan=\"2\"><b>DESPESAS COM A\u00c7\u00d5ES E SERVI\u00c7OS P\u00daBLICOS DE SA\u00daDE<\/b><\/td>\n<td rowspan=\"2\"><b>Valor Apurado At\u00e9 o Bimestre<\/b><\/td>\n<td colspan=\"2\"><b>Limite Constitucional Anual<\/b><\/td>\n<\/tr>\n<tr>\n<td><b>% M\u00ednimo a Aplicar no Exerc\u00edcio<\/b><\/td>\n<td><b>% Aplicado At\u00e9 o Bimestre<\/b><\/td>\n<\/tr>\n<tr>\n<td>Despesas com A\u00e7\u00f5es e Servi\u00e7os P\u00fablicos de Sa\u00fade executadas com recursos de impostos<\/td>\n<td>1.050.919,21<\/td>\n<td>15,00<\/td>\n<td>19,88<\/td>\n<\/tr>\n<tr>\n<td><b>DESPESAS DE CAR\u00c1TER CONTINUADO DERIVADOS DE PPP<\/b><\/td>\n<td colspan=\"3\"><b>Valor Apurado no Exerc\u00edcio Corrente<\/b><\/td>\n<\/tr>\n<tr>\n<td>Total das Despesas Consideradas para o Limite \/ RCL (%)<\/td>\n<td colspan=\"3\">0,00<\/td>\n<\/tr>\n<\/tbody>\n<\/table>\n<p>&nbsp;<\/p>\n<table class=\"mat\" border=\"1\" cellspacing=\"0\" cellpadding=\"0\" align=\"left\">\n<tbody>\n<tr>\n<td><b><i>RANIERE MOURA BARBOSA<\/i><\/b><\/td>\n<td><b><i>IDAILMA MUNIZ DA SILVA BEZERRA<\/i><\/b><\/td>\n<td><b><i>B\u00c1RBARA PRISCILA TAVARES MUNIZ<\/i><\/b><\/td>\n<td><b><i>AMARILDO CAVALCANTE MOREIRA<\/i><\/b><\/td>\n<\/tr>\n<tr>\n<td>###.467.034-##<\/td>\n<td>###.250.574-##<\/td>\n<td>###.290.634-##<\/td>\n<td>###.556.074-##<\/td>\n<\/tr>\n<tr>\n<td>Prefeito<\/td>\n<td>Controladora<\/td>\n<td>Secret\u00e1ria Municipal De Finan\u00e7as<\/td>\n<td>T\u00e9c. Cont\u00e1bil Crc\/Rn 4.897\/O-7<\/td>\n<\/tr>\n<\/tbody>\n<\/table>\n<div align=\"right\">\n<b>Publicado por:<\/b><br \/>\nDaliane de Moura Pires<br \/>\n<b>C\u00f3digo Identificador:<\/b>8A626C44<\/div>\n<p>&nbsp;<\/p>\n<hr \/>\n<p>Mat\u00e9ria publicada no Di\u00e1rio Oficial dos Munic\u00edpios do Estado do Rio Grande do Norte no dia 30\/03\/2026. Edi\u00e7\u00e3o 3761a<br \/>\nA verifica\u00e7\u00e3o de autenticidade da mat\u00e9ria pode ser feita informando o c\u00f3digo identificador no site:<br \/>\nhttps:\/\/www.diariomunicipal.com.br\/femurn\/<\/p><\/div>\n","protected":false},"excerpt":{"rendered":"<p>ESTADO DO RIO GRANDE DO NORTE PREFEITURA MUNICIPAL DE RUY BARBOSA GABINETE DO PREFEITO DEMONSTRATIVO SIMPLIFICADO &#8211; RREO &#8211; 1\u00ba BIMESTRE DE 2026* MUNICIPIO DE RUY BARBOSA Sistema Or\u00e7ament\u00e1rio, Financeiro e Cont\u00e1bil Demonstrativo Simplificado do Relat\u00f3rio Resumido de Execu\u00e7\u00e3o Or\u00e7ament\u00e1ria Exerc\u00edcio:\u00a02026 Bimestre: 1\/2026 RREO &#8211; Anexo 14 (LRF, Art. 48) BALAN\u00c7O OR\u00c7AMENT\u00c1RIO At\u00e9 o Bimestre [&hellip;]<\/p>\n","protected":false},"author":1,"featured_media":0,"comment_status":"closed","ping_status":"closed","sticky":false,"template":"","format":"standard","meta":{"_et_pb_use_builder":"","_et_pb_old_content":"","_et_gb_content_width":"","footnotes":""},"categories":[22,28,284],"tags":[],"class_list":["post-28242","post","type-post","status-publish","format-standard","hentry","category-instrumentos","category-rreo","category-rreo-2026"],"_links":{"self":[{"href":"https:\/\/ruybarbosa.rn.gov.br\/transparente\/index\/wp-json\/wp\/v2\/posts\/28242","targetHints":{"allow":["GET"]}}],"collection":[{"href":"https:\/\/ruybarbosa.rn.gov.br\/transparente\/index\/wp-json\/wp\/v2\/posts"}],"about":[{"href":"https:\/\/ruybarbosa.rn.gov.br\/transparente\/index\/wp-json\/wp\/v2\/types\/post"}],"author":[{"embeddable":true,"href":"https:\/\/ruybarbosa.rn.gov.br\/transparente\/index\/wp-json\/wp\/v2\/users\/1"}],"replies":[{"embeddable":true,"href":"https:\/\/ruybarbosa.rn.gov.br\/transparente\/index\/wp-json\/wp\/v2\/comments?post=28242"}],"version-history":[{"count":1,"href":"https:\/\/ruybarbosa.rn.gov.br\/transparente\/index\/wp-json\/wp\/v2\/posts\/28242\/revisions"}],"predecessor-version":[{"id":28243,"href":"https:\/\/ruybarbosa.rn.gov.br\/transparente\/index\/wp-json\/wp\/v2\/posts\/28242\/revisions\/28243"}],"wp:attachment":[{"href":"https:\/\/ruybarbosa.rn.gov.br\/transparente\/index\/wp-json\/wp\/v2\/media?parent=28242"}],"wp:term":[{"taxonomy":"category","embeddable":true,"href":"https:\/\/ruybarbosa.rn.gov.br\/transparente\/index\/wp-json\/wp\/v2\/categories?post=28242"},{"taxonomy":"post_tag","embeddable":true,"href":"https:\/\/ruybarbosa.rn.gov.br\/transparente\/index\/wp-json\/wp\/v2\/tags?post=28242"}],"curies":[{"name":"wp","href":"https:\/\/api.w.org\/{rel}","templated":true}]}}